{"id":35637,"date":"2021-02-22T18:18:13","date_gmt":"2021-02-22T23:18:13","guid":{"rendered":"https:\/\/www.patsfans.com\/patriots\/blog\/?p=35637"},"modified":"2021-02-22T18:18:13","modified_gmt":"2021-02-22T23:18:13","slug":"video-cam-newton-talks-nfl-future-first-season-with-patriots-on-i-am-athlete-podcast","status":"publish","type":"post","link":"https:\/\/www.patsfans.com\/patriots\/blog\/2021\/02\/22\/video-cam-newton-talks-nfl-future-first-season-with-patriots-on-i-am-athlete-podcast\/","title":{"rendered":"VIDEO: Cam Newton Talks NFL Future, First Season With Patriots On &#8220;I Am Athlete&#8221; Podcast"},"content":{"rendered":"<p>On Monday, the <a href=\"https:\/\/www.youtube.com\/channel\/UC4qMMCxdNfU6cwpaXZOyUSg\">&#8220;I Am Athlete&#8221;<\/a> podcast released an exclusive interview with soon-to-be free agent quarterback Cam Newton.<\/p>\n<p>In a sit-down discussion featuring former NFL stars Fred Taylor, Brandon Marshall, and Chad Johnson, the group touches upon Newton&#8217;s first year under head coach Bill Belichick, the effects of his COVID-19 diagnosis, future playing plans and more.<\/p>\n<p>You can view Newton&#8217;s appearance on the podcast in its entirety below.<\/p>\n<p>https:\/\/www.youtube.com\/watch?v=TahNMeU3AsQ&#038;t=88s<\/p>\n<blockquote class=\"twitter-tweet\" data-width=\"500\" data-dnt=\"true\">\n<p lang=\"hu\" dir=\"ltr\">H\u00e0d a gr\u00e9\u00e0t C\u00d6NV\u00d6?? Check it out at noon <a href=\"https:\/\/twitter.com\/IAMATHLETEpod?ref_src=twsrc%5Etfw\">@IAMATHLETEpod<\/a> <a href=\"https:\/\/t.co\/wQwXzjXGh5\">pic.twitter.com\/wQwXzjXGh5<\/a><\/p>\n<p>&mdash; Cameron 1 Newton (@CameronNewton) <a href=\"https:\/\/twitter.com\/CameronNewton\/status\/1363894064253440009?ref_src=twsrc%5Etfw\">February 22, 2021<\/a><\/p><\/blockquote>\n<p><script async src=\"https:\/\/platform.twitter.com\/widgets.js\" charset=\"utf-8\"><\/script><\/p>\n","protected":false},"excerpt":{"rendered":"<p>Cam Newton joins &#8220;I Am Athelete&#8221; podcast for interview discussing his life on and off the football field. <\/p>\n","protected":false},"author":12,"featured_media":32489,"comment_status":"open","ping_status":"closed","sticky":false,"template":"","format":"standard","meta":{"jetpack_post_was_ever_published":false,"_jetpack_newsletter_access":"","_jetpack_dont_email_post_to_subs":false,"_jetpack_newsletter_tier_id":0,"_jetpack_memberships_contains_paywalled_content":false,"_jetpack_memberships_contains_paid_content":false,"footnotes":""},"categories":[22259,12],"tags":[34,148,855,1497,22475],"class_list":["post-35637","post","type-post","status-publish","format-standard","has-post-thumbnail","hentry","category-2021-patriots-offseason","category-patriots-video","tag-bill-belichick","tag-brandon-marshall","tag-cam-newton","tag-chad-johnson","tag-fred-taylor"],"yoast_head":"<!-- This site is optimized with the Yoast SEO Premium plugin v27.4 (Yoast SEO v27.4) - https:\/\/yoast.com\/product\/yoast-seo-premium-wordpress\/ -->\n<title>VIDEO: Cam Newton Talks NFL Future, First Season With Patriots On &quot;I Am Athlete&quot; Podcast<\/title>\n<meta name=\"description\" content=\"Cam Newton joins &quot;I Am Athelete&quot; podcast for interview discussing his life on and off the football field.\" \/>\n<meta name=\"robots\" content=\"index, follow, max-snippet:-1, max-image-preview:large, max-video-preview:-1\" \/>\n<link rel=\"canonical\" href=\"https:\/\/www.patsfans.com\/patriots\/blog\/2021\/02\/22\/video-cam-newton-talks-nfl-future-first-season-with-patriots-on-i-am-athlete-podcast\/\" \/>\n<meta property=\"og:locale\" content=\"en_US\" \/>\n<meta property=\"og:type\" content=\"article\" \/>\n<meta property=\"og:title\" content=\"VIDEO: Cam Newton Talks NFL Future, First Season With Patriots On &quot;I Am Athlete&quot; Podcast | PatsFans.com\" \/>\n<meta property=\"og:description\" content=\"Cam Newton joins &quot;I Am Athelete&quot; podcast for interview discussing his life on and off the football field.\" \/>\n<meta property=\"og:url\" content=\"https:\/\/www.patsfans.com\/patriots\/blog\/2021\/02\/22\/video-cam-newton-talks-nfl-future-first-season-with-patriots-on-i-am-athlete-podcast\/\" \/>\n<meta property=\"og:site_name\" content=\"PatsFans.com\" \/>\n<meta property=\"article:publisher\" content=\"https:\/\/www.facebook.com\/pfans\" \/>\n<meta property=\"article:published_time\" content=\"2021-02-22T23:18:13+00:00\" \/>\n<meta property=\"og:image\" content=\"https:\/\/i0.wp.com\/www.patsfans.com\/patriots\/blog\/wp-content\/uploads\/2020\/09\/USATSI_14991652_168390408_lowres.jpg?fit=1427%2C952&ssl=1\" \/>\n\t<meta property=\"og:image:width\" content=\"1427\" \/>\n\t<meta property=\"og:image:height\" content=\"952\" \/>\n\t<meta property=\"og:image:type\" content=\"image\/jpeg\" \/>\n<meta name=\"author\" content=\"Robert Alvarez\" \/>\n<meta name=\"twitter:card\" content=\"summary_large_image\" \/>\n<meta name=\"twitter:creator\" content=\"@patsfans\" \/>\n<meta name=\"twitter:site\" content=\"@patsfans\" \/>\n<script type=\"application\/ld+json\" class=\"yoast-schema-graph\">{\"@context\":\"https:\\\/\\\/schema.org\",\"@graph\":[{\"@type\":\"NewsArticle\",\"@id\":\"https:\\\/\\\/www.patsfans.com\\\/patriots\\\/blog\\\/2021\\\/02\\\/22\\\/video-cam-newton-talks-nfl-future-first-season-with-patriots-on-i-am-athlete-podcast\\\/#article\",\"isPartOf\":{\"@id\":\"https:\\\/\\\/www.patsfans.com\\\/patriots\\\/blog\\\/2021\\\/02\\\/22\\\/video-cam-newton-talks-nfl-future-first-season-with-patriots-on-i-am-athlete-podcast\\\/\"},\"author\":{\"name\":\"Robert Alvarez\",\"@id\":\"https:\\\/\\\/www.patsfans.com\\\/patriots\\\/blog\\\/#\\\/schema\\\/person\\\/8085d5f20683eba3743b3de81659d537\"},\"headline\":\"VIDEO: Cam Newton Talks NFL Future, First Season With Patriots On &#8220;I Am Athlete&#8221; Podcast\",\"datePublished\":\"2021-02-22T23:18:13+00:00\",\"mainEntityOfPage\":{\"@id\":\"https:\\\/\\\/www.patsfans.com\\\/patriots\\\/blog\\\/2021\\\/02\\\/22\\\/video-cam-newton-talks-nfl-future-first-season-with-patriots-on-i-am-athlete-podcast\\\/\"},\"wordCount\":102,\"commentCount\":0,\"publisher\":{\"@id\":\"https:\\\/\\\/www.patsfans.com\\\/patriots\\\/blog\\\/#organization\"},\"image\":{\"@id\":\"https:\\\/\\\/www.patsfans.com\\\/patriots\\\/blog\\\/2021\\\/02\\\/22\\\/video-cam-newton-talks-nfl-future-first-season-with-patriots-on-i-am-athlete-podcast\\\/#primaryimage\"},\"thumbnailUrl\":\"https:\\\/\\\/www.patsfans.com\\\/patriots\\\/blog\\\/wp-content\\\/uploads\\\/2020\\\/09\\\/USATSI_14991652_168390408_lowres.jpg\",\"keywords\":[\"Bill Belichick\",\"Brandon Marshall\",\"Cam Newton\",\"Chad Johnson\",\"Fred Taylor\"],\"articleSection\":[\"2021 Patriots Offseason\",\"Patriots Video\"],\"inLanguage\":\"en-US\",\"potentialAction\":[{\"@type\":\"CommentAction\",\"name\":\"Comment\",\"target\":[\"https:\\\/\\\/www.patsfans.com\\\/patriots\\\/blog\\\/2021\\\/02\\\/22\\\/video-cam-newton-talks-nfl-future-first-season-with-patriots-on-i-am-athlete-podcast\\\/#respond\"]}]},{\"@type\":\"WebPage\",\"@id\":\"https:\\\/\\\/www.patsfans.com\\\/patriots\\\/blog\\\/2021\\\/02\\\/22\\\/video-cam-newton-talks-nfl-future-first-season-with-patriots-on-i-am-athlete-podcast\\\/\",\"url\":\"https:\\\/\\\/www.patsfans.com\\\/patriots\\\/blog\\\/2021\\\/02\\\/22\\\/video-cam-newton-talks-nfl-future-first-season-with-patriots-on-i-am-athlete-podcast\\\/\",\"name\":\"VIDEO: Cam Newton Talks NFL Future, First Season With Patriots On \\\"I Am Athlete\\\" Podcast\",\"isPartOf\":{\"@id\":\"https:\\\/\\\/www.patsfans.com\\\/patriots\\\/blog\\\/#website\"},\"primaryImageOfPage\":{\"@id\":\"https:\\\/\\\/www.patsfans.com\\\/patriots\\\/blog\\\/2021\\\/02\\\/22\\\/video-cam-newton-talks-nfl-future-first-season-with-patriots-on-i-am-athlete-podcast\\\/#primaryimage\"},\"image\":{\"@id\":\"https:\\\/\\\/www.patsfans.com\\\/patriots\\\/blog\\\/2021\\\/02\\\/22\\\/video-cam-newton-talks-nfl-future-first-season-with-patriots-on-i-am-athlete-podcast\\\/#primaryimage\"},\"thumbnailUrl\":\"https:\\\/\\\/www.patsfans.com\\\/patriots\\\/blog\\\/wp-content\\\/uploads\\\/2020\\\/09\\\/USATSI_14991652_168390408_lowres.jpg\",\"datePublished\":\"2021-02-22T23:18:13+00:00\",\"description\":\"Cam Newton joins \\\"I Am Athelete\\\" podcast for interview discussing his life on and off the football field.\",\"breadcrumb\":{\"@id\":\"https:\\\/\\\/www.patsfans.com\\\/patriots\\\/blog\\\/2021\\\/02\\\/22\\\/video-cam-newton-talks-nfl-future-first-season-with-patriots-on-i-am-athlete-podcast\\\/#breadcrumb\"},\"inLanguage\":\"en-US\",\"potentialAction\":[{\"@type\":\"ReadAction\",\"target\":[\"https:\\\/\\\/www.patsfans.com\\\/patriots\\\/blog\\\/2021\\\/02\\\/22\\\/video-cam-newton-talks-nfl-future-first-season-with-patriots-on-i-am-athlete-podcast\\\/\"]}]},{\"@type\":\"ImageObject\",\"inLanguage\":\"en-US\",\"@id\":\"https:\\\/\\\/www.patsfans.com\\\/patriots\\\/blog\\\/2021\\\/02\\\/22\\\/video-cam-newton-talks-nfl-future-first-season-with-patriots-on-i-am-athlete-podcast\\\/#primaryimage\",\"url\":\"https:\\\/\\\/www.patsfans.com\\\/patriots\\\/blog\\\/wp-content\\\/uploads\\\/2020\\\/09\\\/USATSI_14991652_168390408_lowres.jpg\",\"contentUrl\":\"https:\\\/\\\/www.patsfans.com\\\/patriots\\\/blog\\\/wp-content\\\/uploads\\\/2020\\\/09\\\/USATSI_14991652_168390408_lowres.jpg\",\"width\":1427,\"height\":952,\"caption\":\"Paul Rutherford-USA TODAY Sports\"},{\"@type\":\"BreadcrumbList\",\"@id\":\"https:\\\/\\\/www.patsfans.com\\\/patriots\\\/blog\\\/2021\\\/02\\\/22\\\/video-cam-newton-talks-nfl-future-first-season-with-patriots-on-i-am-athlete-podcast\\\/#breadcrumb\",\"itemListElement\":[{\"@type\":\"ListItem\",\"position\":1,\"name\":\"Home\",\"item\":\"https:\\\/\\\/www.patsfans.com\\\/patriots\\\/blog\\\/\"},{\"@type\":\"ListItem\",\"position\":2,\"name\":\"Patriots Video\",\"item\":\"https:\\\/\\\/www.patsfans.com\\\/patriots\\\/blog\\\/category\\\/patriots-video\\\/\"},{\"@type\":\"ListItem\",\"position\":3,\"name\":\"VIDEO: Cam Newton Talks NFL Future, First Season With Patriots On &#8220;I Am Athlete&#8221; Podcast\"}]},{\"@type\":\"WebSite\",\"@id\":\"https:\\\/\\\/www.patsfans.com\\\/patriots\\\/blog\\\/#website\",\"url\":\"https:\\\/\\\/www.patsfans.com\\\/patriots\\\/blog\\\/\",\"name\":\"PatsFans.com\",\"description\":\"Patriots Blog with News and Analysis\",\"publisher\":{\"@id\":\"https:\\\/\\\/www.patsfans.com\\\/patriots\\\/blog\\\/#organization\"},\"potentialAction\":[{\"@type\":\"SearchAction\",\"target\":{\"@type\":\"EntryPoint\",\"urlTemplate\":\"https:\\\/\\\/www.patsfans.com\\\/patriots\\\/blog\\\/?s={search_term_string}\"},\"query-input\":{\"@type\":\"PropertyValueSpecification\",\"valueRequired\":true,\"valueName\":\"search_term_string\"}}],\"inLanguage\":\"en-US\"},{\"@type\":\"Organization\",\"@id\":\"https:\\\/\\\/www.patsfans.com\\\/patriots\\\/blog\\\/#organization\",\"name\":\"PatsFans.com\",\"url\":\"https:\\\/\\\/www.patsfans.com\\\/patriots\\\/blog\\\/\",\"logo\":{\"@type\":\"ImageObject\",\"inLanguage\":\"en-US\",\"@id\":\"https:\\\/\\\/www.patsfans.com\\\/patriots\\\/blog\\\/#\\\/schema\\\/logo\\\/image\\\/\",\"url\":\"https:\\\/\\\/www.patsfans.com\\\/patriots\\\/blog\\\/wp-content\\\/uploads\\\/2023\\\/01\\\/PF_Social_Logo.webp\",\"contentUrl\":\"https:\\\/\\\/www.patsfans.com\\\/patriots\\\/blog\\\/wp-content\\\/uploads\\\/2023\\\/01\\\/PF_Social_Logo.webp\",\"width\":300,\"height\":300,\"caption\":\"PatsFans.com\"},\"image\":{\"@id\":\"https:\\\/\\\/www.patsfans.com\\\/patriots\\\/blog\\\/#\\\/schema\\\/logo\\\/image\\\/\"},\"sameAs\":[\"https:\\\/\\\/www.facebook.com\\\/pfans\",\"https:\\\/\\\/x.com\\\/patsfans\",\"https:\\\/\\\/www.instagram.com\\\/patsfans\",\"https:\\\/\\\/www.pinterest.com\\\/patsfans\\\/\",\"https:\\\/\\\/www.youtube.com\\\/patsfans\",\"https:\\\/\\\/www.tiktok.com\\\/@patsfans.official\"],\"foundingDate\":\"2000-06-17\"},{\"@type\":\"Person\",\"@id\":\"https:\\\/\\\/www.patsfans.com\\\/patriots\\\/blog\\\/#\\\/schema\\\/person\\\/8085d5f20683eba3743b3de81659d537\",\"name\":\"Robert Alvarez\",\"image\":{\"@type\":\"ImageObject\",\"inLanguage\":\"en-US\",\"@id\":\"https:\\\/\\\/secure.gravatar.com\\\/avatar\\\/508dcc20161c12316525ad02e951e9ade10af9abe1202e9a57d2f6166b01a1aa?s=96&d=mm&r=g\",\"url\":\"https:\\\/\\\/secure.gravatar.com\\\/avatar\\\/508dcc20161c12316525ad02e951e9ade10af9abe1202e9a57d2f6166b01a1aa?s=96&d=mm&r=g\",\"contentUrl\":\"https:\\\/\\\/secure.gravatar.com\\\/avatar\\\/508dcc20161c12316525ad02e951e9ade10af9abe1202e9a57d2f6166b01a1aa?s=96&d=mm&r=g\",\"caption\":\"Robert Alvarez\"},\"url\":\"https:\\\/\\\/www.patsfans.com\\\/patriots\\\/blog\\\/author\\\/ralvarez\\\/\"}]}<\/script>\n<!-- \/ Yoast SEO Premium plugin. -->","yoast_head_json":{"title":"VIDEO: Cam Newton Talks NFL Future, First Season With Patriots On \"I Am Athlete\" Podcast","description":"Cam Newton joins \"I Am Athelete\" podcast for interview discussing his life on and off the football field.","robots":{"index":"index","follow":"follow","max-snippet":"max-snippet:-1","max-image-preview":"max-image-preview:large","max-video-preview":"max-video-preview:-1"},"canonical":"https:\/\/www.patsfans.com\/patriots\/blog\/2021\/02\/22\/video-cam-newton-talks-nfl-future-first-season-with-patriots-on-i-am-athlete-podcast\/","og_locale":"en_US","og_type":"article","og_title":"VIDEO: Cam Newton Talks NFL Future, First Season With Patriots On \"I Am Athlete\" Podcast | PatsFans.com","og_description":"Cam Newton joins \"I Am Athelete\" podcast for interview discussing his life on and off the football field.","og_url":"https:\/\/www.patsfans.com\/patriots\/blog\/2021\/02\/22\/video-cam-newton-talks-nfl-future-first-season-with-patriots-on-i-am-athlete-podcast\/","og_site_name":"PatsFans.com","article_publisher":"https:\/\/www.facebook.com\/pfans","article_published_time":"2021-02-22T23:18:13+00:00","og_image":[{"width":1427,"height":952,"url":"https:\/\/i0.wp.com\/www.patsfans.com\/patriots\/blog\/wp-content\/uploads\/2020\/09\/USATSI_14991652_168390408_lowres.jpg?fit=1427%2C952&ssl=1","type":"image\/jpeg"}],"author":"Robert Alvarez","twitter_card":"summary_large_image","twitter_creator":"@patsfans","twitter_site":"@patsfans","schema":{"@context":"https:\/\/schema.org","@graph":[{"@type":"NewsArticle","@id":"https:\/\/www.patsfans.com\/patriots\/blog\/2021\/02\/22\/video-cam-newton-talks-nfl-future-first-season-with-patriots-on-i-am-athlete-podcast\/#article","isPartOf":{"@id":"https:\/\/www.patsfans.com\/patriots\/blog\/2021\/02\/22\/video-cam-newton-talks-nfl-future-first-season-with-patriots-on-i-am-athlete-podcast\/"},"author":{"name":"Robert Alvarez","@id":"https:\/\/www.patsfans.com\/patriots\/blog\/#\/schema\/person\/8085d5f20683eba3743b3de81659d537"},"headline":"VIDEO: Cam Newton Talks NFL Future, First Season With Patriots On &#8220;I Am Athlete&#8221; Podcast","datePublished":"2021-02-22T23:18:13+00:00","mainEntityOfPage":{"@id":"https:\/\/www.patsfans.com\/patriots\/blog\/2021\/02\/22\/video-cam-newton-talks-nfl-future-first-season-with-patriots-on-i-am-athlete-podcast\/"},"wordCount":102,"commentCount":0,"publisher":{"@id":"https:\/\/www.patsfans.com\/patriots\/blog\/#organization"},"image":{"@id":"https:\/\/www.patsfans.com\/patriots\/blog\/2021\/02\/22\/video-cam-newton-talks-nfl-future-first-season-with-patriots-on-i-am-athlete-podcast\/#primaryimage"},"thumbnailUrl":"https:\/\/www.patsfans.com\/patriots\/blog\/wp-content\/uploads\/2020\/09\/USATSI_14991652_168390408_lowres.jpg","keywords":["Bill Belichick","Brandon Marshall","Cam Newton","Chad Johnson","Fred Taylor"],"articleSection":["2021 Patriots Offseason","Patriots Video"],"inLanguage":"en-US","potentialAction":[{"@type":"CommentAction","name":"Comment","target":["https:\/\/www.patsfans.com\/patriots\/blog\/2021\/02\/22\/video-cam-newton-talks-nfl-future-first-season-with-patriots-on-i-am-athlete-podcast\/#respond"]}]},{"@type":"WebPage","@id":"https:\/\/www.patsfans.com\/patriots\/blog\/2021\/02\/22\/video-cam-newton-talks-nfl-future-first-season-with-patriots-on-i-am-athlete-podcast\/","url":"https:\/\/www.patsfans.com\/patriots\/blog\/2021\/02\/22\/video-cam-newton-talks-nfl-future-first-season-with-patriots-on-i-am-athlete-podcast\/","name":"VIDEO: Cam Newton Talks NFL Future, First Season With Patriots On \"I Am Athlete\" Podcast","isPartOf":{"@id":"https:\/\/www.patsfans.com\/patriots\/blog\/#website"},"primaryImageOfPage":{"@id":"https:\/\/www.patsfans.com\/patriots\/blog\/2021\/02\/22\/video-cam-newton-talks-nfl-future-first-season-with-patriots-on-i-am-athlete-podcast\/#primaryimage"},"image":{"@id":"https:\/\/www.patsfans.com\/patriots\/blog\/2021\/02\/22\/video-cam-newton-talks-nfl-future-first-season-with-patriots-on-i-am-athlete-podcast\/#primaryimage"},"thumbnailUrl":"https:\/\/www.patsfans.com\/patriots\/blog\/wp-content\/uploads\/2020\/09\/USATSI_14991652_168390408_lowres.jpg","datePublished":"2021-02-22T23:18:13+00:00","description":"Cam Newton joins \"I Am Athelete\" podcast for interview discussing his life on and off the football field.","breadcrumb":{"@id":"https:\/\/www.patsfans.com\/patriots\/blog\/2021\/02\/22\/video-cam-newton-talks-nfl-future-first-season-with-patriots-on-i-am-athlete-podcast\/#breadcrumb"},"inLanguage":"en-US","potentialAction":[{"@type":"ReadAction","target":["https:\/\/www.patsfans.com\/patriots\/blog\/2021\/02\/22\/video-cam-newton-talks-nfl-future-first-season-with-patriots-on-i-am-athlete-podcast\/"]}]},{"@type":"ImageObject","inLanguage":"en-US","@id":"https:\/\/www.patsfans.com\/patriots\/blog\/2021\/02\/22\/video-cam-newton-talks-nfl-future-first-season-with-patriots-on-i-am-athlete-podcast\/#primaryimage","url":"https:\/\/www.patsfans.com\/patriots\/blog\/wp-content\/uploads\/2020\/09\/USATSI_14991652_168390408_lowres.jpg","contentUrl":"https:\/\/www.patsfans.com\/patriots\/blog\/wp-content\/uploads\/2020\/09\/USATSI_14991652_168390408_lowres.jpg","width":1427,"height":952,"caption":"Paul Rutherford-USA TODAY Sports"},{"@type":"BreadcrumbList","@id":"https:\/\/www.patsfans.com\/patriots\/blog\/2021\/02\/22\/video-cam-newton-talks-nfl-future-first-season-with-patriots-on-i-am-athlete-podcast\/#breadcrumb","itemListElement":[{"@type":"ListItem","position":1,"name":"Home","item":"https:\/\/www.patsfans.com\/patriots\/blog\/"},{"@type":"ListItem","position":2,"name":"Patriots Video","item":"https:\/\/www.patsfans.com\/patriots\/blog\/category\/patriots-video\/"},{"@type":"ListItem","position":3,"name":"VIDEO: Cam Newton Talks NFL Future, First Season With Patriots On &#8220;I Am Athlete&#8221; Podcast"}]},{"@type":"WebSite","@id":"https:\/\/www.patsfans.com\/patriots\/blog\/#website","url":"https:\/\/www.patsfans.com\/patriots\/blog\/","name":"PatsFans.com","description":"Patriots Blog with News and Analysis","publisher":{"@id":"https:\/\/www.patsfans.com\/patriots\/blog\/#organization"},"potentialAction":[{"@type":"SearchAction","target":{"@type":"EntryPoint","urlTemplate":"https:\/\/www.patsfans.com\/patriots\/blog\/?s={search_term_string}"},"query-input":{"@type":"PropertyValueSpecification","valueRequired":true,"valueName":"search_term_string"}}],"inLanguage":"en-US"},{"@type":"Organization","@id":"https:\/\/www.patsfans.com\/patriots\/blog\/#organization","name":"PatsFans.com","url":"https:\/\/www.patsfans.com\/patriots\/blog\/","logo":{"@type":"ImageObject","inLanguage":"en-US","@id":"https:\/\/www.patsfans.com\/patriots\/blog\/#\/schema\/logo\/image\/","url":"https:\/\/www.patsfans.com\/patriots\/blog\/wp-content\/uploads\/2023\/01\/PF_Social_Logo.webp","contentUrl":"https:\/\/www.patsfans.com\/patriots\/blog\/wp-content\/uploads\/2023\/01\/PF_Social_Logo.webp","width":300,"height":300,"caption":"PatsFans.com"},"image":{"@id":"https:\/\/www.patsfans.com\/patriots\/blog\/#\/schema\/logo\/image\/"},"sameAs":["https:\/\/www.facebook.com\/pfans","https:\/\/x.com\/patsfans","https:\/\/www.instagram.com\/patsfans","https:\/\/www.pinterest.com\/patsfans\/","https:\/\/www.youtube.com\/patsfans","https:\/\/www.tiktok.com\/@patsfans.official"],"foundingDate":"2000-06-17"},{"@type":"Person","@id":"https:\/\/www.patsfans.com\/patriots\/blog\/#\/schema\/person\/8085d5f20683eba3743b3de81659d537","name":"Robert Alvarez","image":{"@type":"ImageObject","inLanguage":"en-US","@id":"https:\/\/secure.gravatar.com\/avatar\/508dcc20161c12316525ad02e951e9ade10af9abe1202e9a57d2f6166b01a1aa?s=96&d=mm&r=g","url":"https:\/\/secure.gravatar.com\/avatar\/508dcc20161c12316525ad02e951e9ade10af9abe1202e9a57d2f6166b01a1aa?s=96&d=mm&r=g","contentUrl":"https:\/\/secure.gravatar.com\/avatar\/508dcc20161c12316525ad02e951e9ade10af9abe1202e9a57d2f6166b01a1aa?s=96&d=mm&r=g","caption":"Robert Alvarez"},"url":"https:\/\/www.patsfans.com\/patriots\/blog\/author\/ralvarez\/"}]}},"jetpack_featured_media_url":"https:\/\/www.patsfans.com\/patriots\/blog\/wp-content\/uploads\/2020\/09\/USATSI_14991652_168390408_lowres.jpg","jetpack_sharing_enabled":true,"_links":{"self":[{"href":"https:\/\/www.patsfans.com\/patriots\/blog\/wp-json\/wp\/v2\/posts\/35637","targetHints":{"allow":["GET"]}}],"collection":[{"href":"https:\/\/www.patsfans.com\/patriots\/blog\/wp-json\/wp\/v2\/posts"}],"about":[{"href":"https:\/\/www.patsfans.com\/patriots\/blog\/wp-json\/wp\/v2\/types\/post"}],"author":[{"embeddable":true,"href":"https:\/\/www.patsfans.com\/patriots\/blog\/wp-json\/wp\/v2\/users\/12"}],"replies":[{"embeddable":true,"href":"https:\/\/www.patsfans.com\/patriots\/blog\/wp-json\/wp\/v2\/comments?post=35637"}],"version-history":[{"count":3,"href":"https:\/\/www.patsfans.com\/patriots\/blog\/wp-json\/wp\/v2\/posts\/35637\/revisions"}],"predecessor-version":[{"id":35640,"href":"https:\/\/www.patsfans.com\/patriots\/blog\/wp-json\/wp\/v2\/posts\/35637\/revisions\/35640"}],"wp:featuredmedia":[{"embeddable":true,"href":"https:\/\/www.patsfans.com\/patriots\/blog\/wp-json\/wp\/v2\/media\/32489"}],"wp:attachment":[{"href":"https:\/\/www.patsfans.com\/patriots\/blog\/wp-json\/wp\/v2\/media?parent=35637"}],"wp:term":[{"taxonomy":"category","embeddable":true,"href":"https:\/\/www.patsfans.com\/patriots\/blog\/wp-json\/wp\/v2\/categories?post=35637"},{"taxonomy":"post_tag","embeddable":true,"href":"https:\/\/www.patsfans.com\/patriots\/blog\/wp-json\/wp\/v2\/tags?post=35637"}],"curies":[{"name":"wp","href":"https:\/\/api.w.org\/{rel}","templated":true}]}}